{"id":236,"date":"2011-10-16T16:35:05","date_gmt":"2011-10-16T13:35:05","guid":{"rendered":"http:\/\/matkad.advent.ee\/?p=236"},"modified":"2016-03-30T10:27:17","modified_gmt":"2016-03-30T07:27:17","slug":"sissejuhatus","status":"publish","type":"post","link":"https:\/\/matkad.advent.ee\/?p=236","title":{"rendered":"Sissejuhatus"},"content":{"rendered":"<p style=\"text-align: left;\">Minu esimesed matkakogemused olid seotud rajaleidjate matkadega. Ja muidugi unustamatu kogemuse j\u00e4ttis \u201eVello\u201c matk, kus me k\u00e4isime Tanisega koos. Sealt saime ka esimese matkapisiku, ja enda kohta ei teagi, mis k\u00f5ige rohkem tol hetkel s\u00fcmpatiseeris. Ehk kogu kooslus, mis matkadega kaasas k\u00e4ib.<\/p>\n<p style=\"text-align: left;\">P\u00e4ris esimene matk, mida ise aitasin korraldada, oli \u00fcks Tartu ja P\u00f5ltsamaa rajaleidjate \u00fchismatk, millest ma muidugi midagi v\u00e4ga ei m\u00e4leta. Kindlasti on sellest matkast kuskil pildigalerii kuskil. (Kes teab, v\u00f5ib teada anda.) See matk andis ka t\u00f5uke j\u00e4rgmiste korraldamiseks, sest kui korra oli proovitud matka korraldamist, siis ei saa ju pidama j\u00e4\u00e4da. Arvestades ka tollast olukorda, kui matkamine hakkas noortel kui ka vanematel kuidagi tahaplaanile j\u00e4\u00e4ma. Siia toimunud matkade rubriiki \u00fcritame koondada ajaloolise materjali k\u00f5ikidest matkadest.<br \/>\n<em>Mairo<\/em><\/p>\n<p style=\"text-align: center;\"><a href=\"http:\/\/matkad.advent.ee\/wp-content\/uploads\/2011\/10\/sissejuh.jpg\"><img loading=\"lazy\" decoding=\"async\" class=\"aligncenter size-full wp-image-239\" title=\"sissejuh\" src=\"http:\/\/matkad.advent.ee\/wp-content\/uploads\/2011\/10\/sissejuh.jpg\" alt=\"\" width=\"720\" height=\"300\" srcset=\"https:\/\/matkad.advent.ee\/wp-content\/uploads\/2011\/10\/sissejuh.jpg 720w, https:\/\/matkad.advent.ee\/wp-content\/uploads\/2011\/10\/sissejuh-300x125.jpg 300w\" sizes=\"auto, (max-width: 720px) 100vw, 720px\" \/><\/a><\/p>\n","protected":false},"excerpt":{"rendered":"<p>Minu esimesed matkakogemused olid seotud rajaleidjate matkadega. Ja muidugi unustamatu kogemuse j\u00e4ttis \u201eVello\u201c matk, kus me k\u00e4isime Tanisega koos. Sealt saime ka esimese matkapisiku, ja enda kohta ei teagi, mis k\u00f5ige rohkem tol hetkel s\u00fcmpatiseeris. Ehk kogu kooslus, mis matkadega kaasas k\u00e4ib. P\u00e4ris esimene matk, mida ise aitasin korraldada, oli \u00fcks Tartu ja P\u00f5ltsamaa rajaleidjate [&hellip;]<\/p>\n","protected":false},"author":1,"featured_media":239,"comment_status":"open","ping_status":"open","sticky":false,"template":"","format":"standard","meta":{"footnotes":"","_links_to":"","_links_to_target":""},"categories":[15],"tags":[],"class_list":["post-236","post","type-post","status-publish","format-standard","has-post-thumbnail","hentry","category-uudised","et-has-post-format-content","et_post_format-et-post-format-standard"],"_links":{"self":[{"href":"https:\/\/matkad.advent.ee\/index.php?rest_route=\/wp\/v2\/posts\/236","targetHints":{"allow":["GET"]}}],"collection":[{"href":"https:\/\/matkad.advent.ee\/index.php?rest_route=\/wp\/v2\/posts"}],"about":[{"href":"https:\/\/matkad.advent.ee\/index.php?rest_route=\/wp\/v2\/types\/post"}],"author":[{"embeddable":true,"href":"https:\/\/matkad.advent.ee\/index.php?rest_route=\/wp\/v2\/users\/1"}],"replies":[{"embeddable":true,"href":"https:\/\/matkad.advent.ee\/index.php?rest_route=%2Fwp%2Fv2%2Fcomments&post=236"}],"version-history":[{"count":5,"href":"https:\/\/matkad.advent.ee\/index.php?rest_route=\/wp\/v2\/posts\/236\/revisions"}],"predecessor-version":[{"id":1208,"href":"https:\/\/matkad.advent.ee\/index.php?rest_route=\/wp\/v2\/posts\/236\/revisions\/1208"}],"wp:featuredmedia":[{"embeddable":true,"href":"https:\/\/matkad.advent.ee\/index.php?rest_route=\/wp\/v2\/media\/239"}],"wp:attachment":[{"href":"https:\/\/matkad.advent.ee\/index.php?rest_route=%2Fwp%2Fv2%2Fmedia&parent=236"}],"wp:term":[{"taxonomy":"category","embeddable":true,"href":"https:\/\/matkad.advent.ee\/index.php?rest_route=%2Fwp%2Fv2%2Fcategories&post=236"},{"taxonomy":"post_tag","embeddable":true,"href":"https:\/\/matkad.advent.ee\/index.php?rest_route=%2Fwp%2Fv2%2Ftags&post=236"}],"curies":[{"name":"wp","href":"https:\/\/api.w.org\/{rel}","templated":true}]}}