{"id":245,"date":"2011-10-16T16:48:43","date_gmt":"2011-10-16T13:48:43","guid":{"rendered":"http:\/\/matkad.advent.ee\/?p=245"},"modified":"2016-03-30T12:11:37","modified_gmt":"2016-03-30T09:11:37","slug":"matk-nr-1-nimetu-1","status":"publish","type":"post","link":"https:\/\/matkad.advent.ee\/?p=245","title":{"rendered":"1. Esimene matk"},"content":{"rendered":"<ul>\n<li><span style=\"color: #800000;\"><strong>AEG:<\/strong><\/span> 9.-12. august, 2007<\/li>\n<li><strong><span style=\"color: #800000;\">LIIK:<\/span><\/strong> jalgsi<\/li>\n<li><strong><span style=\"color: #800000;\">MARSRUUT:<\/span><\/strong> P\u00f5lva-Taevaskoja- Kiidj\u00e4rve-Valgemetsa<\/li>\n<li><strong><span style=\"color: #800000;\">OSALEJAD(7):<\/span><\/strong> Mairo Tutk, Juulika Roov, Tanis Kulp, \u00c4lis Kulp, Helin Kivit, Matthijs, Miriam<\/li>\n<li><strong><span style=\"color: #800000;\">K\u00dcLALISED(5):<\/span><\/strong> Merilin, Evelin, Kristian, Hellevi, Aldar<\/li>\n<\/ul>\n<p><a href=\"http:\/\/matkad.advent.ee\/wp-content\/uploads\/2011\/10\/1.1.jpg\"><img loading=\"lazy\" decoding=\"async\" class=\"aligncenter size-full wp-image-248\" title=\"1.1\" src=\"http:\/\/matkad.advent.ee\/wp-content\/uploads\/2011\/10\/1.1.jpg\" alt=\"\" width=\"720\" height=\"480\" srcset=\"https:\/\/matkad.advent.ee\/wp-content\/uploads\/2011\/10\/1.1.jpg 720w, https:\/\/matkad.advent.ee\/wp-content\/uploads\/2011\/10\/1.1-300x200.jpg 300w\" sizes=\"auto, (max-width: 720px) 100vw, 720px\" \/><\/a><\/p>\n<p><strong>See oli p\u00e4ris esimene matk<\/strong>, mille korraldasime Tanisega kahekesi. Kui \u00f5igesti m\u00e4letan, oli Tanis suurem aktivist selle matka juures, sest tema soov oli Hollandis saadud s\u00f5pradele n\u00e4idata veidi enam Eestimaad, kui seda n\u00e4eb lennukist v\u00f5i maanteel autoga s\u00f5ites.<br \/>\nIgaljuhul olime \u00fcsna rohelised alles sel alal, ja kui valid tundmatu piirkonna ka, kuhu matkata, siis tavaliselt see h\u00e4sti ei l\u00e4he. Aga meil l\u00e4ks \u00fcsna h\u00e4sti, kui v\u00e4lja arvata paar huvitavat seika. Kui tagantj\u00e4rele m\u00f5elda, siis idee oli v\u00e4ga hea, aga teostus j\u00e4i n\u00f5rgaks, ja seda just v\u00e4hese kogemuse t\u00f5ttu.<\/p>\n<p><strong>Esimene p\u00e4ev<\/strong>\u00a0saabusime rongiga P\u00f5lvasse, kust ostsime veel viimased asjad, mida matkal tarvis on, ja alustasimegi oma matka Taevaskoja poole, esimese osa k\u00f5ndisime m\u00f6\u00f6da raudteed, kuni j\u00f5udsime sillani, mida me ei saanud \u00fcletada, sest raudteet\u00f6\u00f6lised tegid seal t\u00f6\u00f6d (mingi silla renoveerimist\u00f6\u00f6d). Seega pidime minema silla alt ja \u00fcletama \u00fcsna kiire j\u00f5e, mis oli hollandlaste jaoks t\u00f5eline \u201ewilderness\u201c. Sellega hakkama saades j\u00e4tkasime oma teed, kuni p\u00f6\u00f6rasime raudteelt \u00e4ra, et j\u00f5uda kaardile, kuid see \u00f5htu me sinna ise ei j\u00f5udnud. Lonkisime m\u00f6\u00f6da metsateid, teades, et suund v\u00e4hemasti on \u00f5ige. L\u00f5puks, kui oli juba h\u00e4mar, j\u00f5udsime k\u00fclasse, kust k\u00fcsisime, kuidas saada Taevaskojasse (raske s\u00f5na :))Ja lahke k\u00fclaelanik viis meid ise \u00e4ra, kuhu oli l\u00e4bi metsa \u00fcsna v\u00e4he maad, aga m\u00f6\u00f6da teed \u00fcsna palju. Ei m\u00e4leta, kas esimene \u00f5htu j\u00f5udsime l\u00f5ket ja s\u00fc\u00fca ka teha v\u00f5i mitte.<\/p>\n<p><strong>Teisest p\u00e4evast<\/strong> m\u00e4letan algust ja et oli ilus ilm. Eelmine p\u00e4ev oli ka p\u00e4iksepaisteline. \u00d5htuks j\u00f5udsime Hatiku metsamajja (mida enam pole). M\u00e4letan, et sai palju romantikat tehtud k\u00fc\u00fcnaldega (selles oli vist Evelin s\u00fc\u00fcdi). K\u00f5igile see meeldis, ikkagi valgustatud tee kuivkapini ja muud valgusem\u00e4nguv\u00f5lud. V\u00f5ib-olla olid k\u00fc\u00fcnlad kolmandal p\u00e4eval, sellest hetkest on mul aeg sassis. Igaljuhul laup\u00e4eva veetsime \u00fches kohas, vahepeal k\u00e4isime Kiidj\u00e4rves ujumas ka muidugi.<br \/>\nJa nagu hingamisp\u00e4evale kohane, laulsime ja r\u00e4\u00e4kisime ka Jumala s\u00f5nast, ja klaverisaatjaks oli meil Aldar, ja s\u00f5najagajaks ka tema (kui ma \u00f5igesti m\u00e4letan). Usun, et see oli ilus p\u00e4ev, sest m\u00e4letan vaid naeratusi sellest p\u00e4evast.<\/p>\n<p><strong>Viimasest p\u00e4evast<\/strong> m\u00e4letan, et t\u00f5mbasin endale \u00e4mbrit\u00e4ie tulikuuma vett jalale, ning istusin p\u00e4rast seda t\u00fckk aega ojas (\u00f5ppisin, kuidas t\u00fcdruku ees ettepanekut teha :)). Hollandlased olid pahviks l\u00f6\u00f6\u00f6dud, et sellise p\u00f5letusega \u00fcldse edasi matkasin. Aga nii hull see ka ei olnud, ja t\u00e4nu sellele, et vanaemal oli palju aaloed kodus (p\u00e4rast ei olnud), pole armi ka. Ja viimase p\u00e4eva viimane pilt saigi tehtud Valgemetsa raudteejaamas. Ma arvan, et pildi tegi kohalik, v\u00f5i olen ma kedagi kahe silma vahele j\u00e4tnud\u2026.<br \/>\nSelline oli meenutustes meie esimene matk\u2026<\/p>\n","protected":false},"excerpt":{"rendered":"<p>AEG: 9.-12. august, 2007 LIIK: jalgsi MARSRUUT: P\u00f5lva-Taevaskoja- Kiidj\u00e4rve-Valgemetsa OSALEJAD(7): Mairo Tutk, Juulika Roov, Tanis Kulp, \u00c4lis Kulp, Helin Kivit, Matthijs, Miriam K\u00dcLALISED(5): Merilin, Evelin, Kristian, Hellevi, Aldar See oli p\u00e4ris esimene matk, mille korraldasime Tanisega kahekesi. Kui \u00f5igesti m\u00e4letan, oli Tanis suurem aktivist selle matka juures, sest tema soov oli Hollandis saadud s\u00f5pradele n\u00e4idata [&hellip;]<\/p>\n","protected":false},"author":2,"featured_media":248,"comment_status":"open","ping_status":"open","sticky":false,"template":"","format":"standard","meta":{"footnotes":"","_links_to":"","_links_to_target":""},"categories":[1],"tags":[17,5,13,14],"class_list":["post-245","post","type-post","status-publish","format-standard","has-post-thumbnail","hentry","category-history","tag-17","tag-jalgsimatk-2","tag-louna-eesti","tag-luhike-matk","et-has-post-format-content","et_post_format-et-post-format-standard"],"_links":{"self":[{"href":"https:\/\/matkad.advent.ee\/index.php?rest_route=\/wp\/v2\/posts\/245","targetHints":{"allow":["GET"]}}],"collection":[{"href":"https:\/\/matkad.advent.ee\/index.php?rest_route=\/wp\/v2\/posts"}],"about":[{"href":"https:\/\/matkad.advent.ee\/index.php?rest_route=\/wp\/v2\/types\/post"}],"author":[{"embeddable":true,"href":"https:\/\/matkad.advent.ee\/index.php?rest_route=\/wp\/v2\/users\/2"}],"replies":[{"embeddable":true,"href":"https:\/\/matkad.advent.ee\/index.php?rest_route=%2Fwp%2Fv2%2Fcomments&post=245"}],"version-history":[{"count":11,"href":"https:\/\/matkad.advent.ee\/index.php?rest_route=\/wp\/v2\/posts\/245\/revisions"}],"predecessor-version":[{"id":1302,"href":"https:\/\/matkad.advent.ee\/index.php?rest_route=\/wp\/v2\/posts\/245\/revisions\/1302"}],"wp:featuredmedia":[{"embeddable":true,"href":"https:\/\/matkad.advent.ee\/index.php?rest_route=\/wp\/v2\/media\/248"}],"wp:attachment":[{"href":"https:\/\/matkad.advent.ee\/index.php?rest_route=%2Fwp%2Fv2%2Fmedia&parent=245"}],"wp:term":[{"taxonomy":"category","embeddable":true,"href":"https:\/\/matkad.advent.ee\/index.php?rest_route=%2Fwp%2Fv2%2Fcategories&post=245"},{"taxonomy":"post_tag","embeddable":true,"href":"https:\/\/matkad.advent.ee\/index.php?rest_route=%2Fwp%2Fv2%2Ftags&post=245"}],"curies":[{"name":"wp","href":"https:\/\/api.w.org\/{rel}","templated":true}]}}