{"id":266,"date":"2011-10-16T17:24:52","date_gmt":"2011-10-16T14:24:52","guid":{"rendered":"http:\/\/matkad.advent.ee\/?p=266"},"modified":"2016-03-30T12:11:25","modified_gmt":"2016-03-30T09:11:25","slug":"piusa-matk","status":"publish","type":"post","link":"https:\/\/matkad.advent.ee\/?p=266","title":{"rendered":"2. Piusa h\u00fcbriidmatk"},"content":{"rendered":"<ul>\n<li><span style=\"color: #800000;\"><strong>AEG:<\/strong><\/span> 9.-13.juuli, 2008<\/li>\n<li><span style=\"color: #800000;\"><strong>LIIK:<\/strong><\/span>\u00a0jalgsi, kanuu ja ratas<\/li>\n<li><span style=\"color: #800000;\"><strong>MARSRUUT:<\/strong><\/span> Vana-Koiola \u2013 V\u00f5handu \u2013 Meenikunno \u2013 Piusa koopad \u2013 Piusa Veere talu<\/li>\n<li><span style=\"color: #800000;\"><strong>OSALEJAD(20):<\/strong><\/span> Mairo Tutk, Tanis Kulp, Helin Kivit, Toomas Lukk, Evelin N\u00f5mmik, Kalle Daniel, Maike Naumann, K\u00e4rt Vahtram\u00e4e, Laurynas Lukosius, Jetro Perho, Laura Kangur, Merilin N\u00f5mmik, Mariliis Voitk, Gert Miltop, Krista Makkonen, Eda Toomsoo, Jurate Jurginyte, Madli Vahtram\u00e4e, \u00dclle Ploompuu, Hellevi N\u00f5mmik<\/li>\n<li><strong><span style=\"color: #800000;\">K\u00dcLALISED(4):<\/span><\/strong> Aldar N\u00f5mmik (transport\u00f6\u00f6r), Ivo K\u00e4sk, Vanessa K\u00e4sk, Angelika K\u00e4sk<\/li>\n<\/ul>\n<p><a href=\"http:\/\/matkad.advent.ee\/wp-content\/uploads\/2011\/10\/2.1.jpg\"><img loading=\"lazy\" decoding=\"async\" class=\"aligncenter size-full wp-image-272\" title=\"2.1\" src=\"http:\/\/matkad.advent.ee\/wp-content\/uploads\/2011\/10\/2.1.jpg\" alt=\"\" width=\"720\" height=\"540\" srcset=\"https:\/\/matkad.advent.ee\/wp-content\/uploads\/2011\/10\/2.1.jpg 720w, https:\/\/matkad.advent.ee\/wp-content\/uploads\/2011\/10\/2.1-300x225.jpg 300w\" sizes=\"auto, (max-width: 720px) 100vw, 720px\" \/><\/a><\/p>\n<p>See oli esimene <strong>suurem matk<\/strong>, mille korraldasime. Inimeste arvu poolest nii suurt matka polegi meie matkaajaloos olnud. Eelarvegi oli suur. Ja samuti pole olnud enne ega p\u00e4rast nii palju kamraade v\u00e4lismaalt. Jurate ja Laurynas Leedust, Jetro ja Krista Soomest ja Maike Saksamaalt. Seekord oli marsruut paremini planeeritud, ja matk oli eriline, sest l\u00e4bisime erinevad etapid erinevate liikllusvahenditega.<br \/>\n<strong>Esimene osa oli planeeritud k\u00f5ndida, teine osa kanuudega, ja kolmas osa ratastega.<\/strong><br \/>\nAga igast p\u00e4evast n\u00fc\u00fcd veidi eraldi ka. Kokku matkasime siis 5 p\u00e4eva. Viimase p\u00e4eva muidugi puhkasime Piusal, mis oli m\u00f5nus kosutus eelnevatest p\u00e4evadest.<br \/>\n<strong>Esimesele p\u00e4eval<\/strong> saime kokku Tartu adventkiriku juures, kuhu oli meid kogunenud p\u00e4ris paras hulk, tolleks momendiks 19 inimest. Tolleks korraks oli meil tellitud esmakordselt ja ka viimast korda v\u00e4ikebuss, millega meid viidi stardipunkti. Buss oli t\u00e4pselt 19-ne kohaline, kuid meil olid kotid ka ju kaasas. Nendega oli paras tegu, et need \u00e4ra mahuksid, aga mahtusid. Stardipunkt oli Vana-Koiolas, kus s\u00f5ime l\u00f5unat ja k\u00e4isime muidugi ka ujumas. Sealt edasi matkasime Koolma j\u00e4rveni. Koolma j\u00e4rv oli veidi imelik koht, kus ujuda. Nimelt kui sealt v\u00e4lja tulime, olime k\u00f5ik limased nagu linaskid.<\/p>\n<p><a href=\"http:\/\/matkad.advent.ee\/wp-content\/uploads\/2011\/10\/2.2.jpg\"><img loading=\"lazy\" decoding=\"async\" class=\"aligncenter size-full wp-image-273\" title=\"2.2\" src=\"http:\/\/matkad.advent.ee\/wp-content\/uploads\/2011\/10\/2.2.jpg\" alt=\"\" width=\"673\" height=\"319\" srcset=\"https:\/\/matkad.advent.ee\/wp-content\/uploads\/2011\/10\/2.2.jpg 673w, https:\/\/matkad.advent.ee\/wp-content\/uploads\/2011\/10\/2.2-300x142.jpg 300w\" sizes=\"auto, (max-width: 673px) 100vw, 673px\" \/><\/a><a href=\"http:\/\/matkad.advent.ee\/wp-content\/uploads\/2011\/10\/2.3.jpg\"><img loading=\"lazy\" decoding=\"async\" class=\"alignleft size-medium wp-image-274\" title=\"OLYMPUS DIGITAL CAMERA\" src=\"http:\/\/matkad.advent.ee\/wp-content\/uploads\/2011\/10\/2.3-300x225.jpg\" alt=\"\" width=\"300\" height=\"225\" srcset=\"https:\/\/matkad.advent.ee\/wp-content\/uploads\/2011\/10\/2.3-300x225.jpg 300w, https:\/\/matkad.advent.ee\/wp-content\/uploads\/2011\/10\/2.3.jpg 720w\" sizes=\"auto, (max-width: 300px) 100vw, 300px\" \/><\/a><\/p>\n<p>Rohkem aimu saate muidugi \u00a0matkagalerii piltidelt, mis meid tegevuses hoidis. Kuid Koolma j\u00e4rve juurest r\u00e4ndasime edasi esimesse \u00f6\u00f6bimiskohta, mis oli siis Leevi RMK l\u00f5kkeplats V\u00f5handu j\u00f5e \u00e4\u00e4res. Ma m\u00e4letan, et seal saime vihma, ja seda kuskil 30 minutit j\u00e4rjest, kuid \u00fclej\u00e4\u00e4nud matka ajal oli kogu aeg p\u00e4ikseline.<\/p>\n<p>&nbsp;<\/p>\n<p>Esimese p\u00e4eva \u00f5htu oli tore. Aldar tuli meid muusikaliselt toetama, ja ta oli v\u00e4lja m\u00f5elnud ka m\u00f5ned tutvumism\u00e4ngud. M\u00f5lemad olid v\u00e4ga huvitavad, ja m\u00f5lemat kasutame siiamaani noorte\u00fcritustel, \u00fchte neist k\u00fcll tihedamalt, kui teist, kuid siiski. Jalam\u00e4ng ei vaja tutvustamist, ning teine oli tutvumism\u00e4ng, mida kutsutakse ka \u201ekellakohtinguks\u201c. Toomas oli samuti toetamas meie \u00f5htust laulmist kitarriga. Ja varsti olimegi iga\u00fcks p\u00f5hku pugenud, sest j\u00e4rgmine p\u00e4ev pidime juba kanuud saama ja s\u00f5itma hoopis m\u00f6\u00f6da j\u00f5ge.<\/p>\n<p><strong>Teise p\u00e4eva<\/strong> alguses s\u00f5ime, tegime hommikpalve, v\u00f5i tegime hommikpalve kanuudes, vat ei m\u00e4leta. Ja varsti saabusidki meile meie kanuud. Kogenumad mehed tegid meile instruktaasi, ja \u00fcsna pea olimegi j\u00f5el. Kuna oli suvi, siis oli j\u00f5gi rahulik, ja saime rahulikult kruiisida. Ja veidi p\u00e4rast kella kahte olimegi Reo silla juures, kus kanuumatk sai otsa, ja algas matka see osa, mille l\u00e4bisime jalgratastega. Enne seda muidugi s\u00f5ime l\u00f5unat. Aga siis ratastele, ja minema. Teise p\u00e4eva sihtkohaks oli P\u00e4ikseloojangu metsamaja, kuhu j\u00f5udsime nii palju varem, et otsustasime kotid sinna j\u00e4tta ja minna ratastega Valgj\u00e4rve ujuma. \u00d5htul jalutasime veel Meenikunno laudteel kuni Liipsaare metsaonnini.<\/p>\n<p><a href=\"http:\/\/matkad.advent.ee\/wp-content\/uploads\/2011\/10\/2.4.jpg\"><img loading=\"lazy\" decoding=\"async\" class=\"aligncenter size-full wp-image-275\" title=\"2.4\" src=\"http:\/\/matkad.advent.ee\/wp-content\/uploads\/2011\/10\/2.4.jpg\" alt=\"\" width=\"720\" height=\"540\" srcset=\"https:\/\/matkad.advent.ee\/wp-content\/uploads\/2011\/10\/2.4.jpg 720w, https:\/\/matkad.advent.ee\/wp-content\/uploads\/2011\/10\/2.4-300x225.jpg 300w\" sizes=\"auto, (max-width: 720px) 100vw, 720px\" \/><\/a><a href=\"http:\/\/matkad.advent.ee\/wp-content\/uploads\/2011\/10\/2.5.jpg\"><img loading=\"lazy\" decoding=\"async\" class=\"alignright size-medium wp-image-276\" title=\"OLYMPUS DIGITAL CAMERA\" src=\"http:\/\/matkad.advent.ee\/wp-content\/uploads\/2011\/10\/2.5-300x225.jpg\" alt=\"\" width=\"300\" height=\"225\" srcset=\"https:\/\/matkad.advent.ee\/wp-content\/uploads\/2011\/10\/2.5-300x225.jpg 300w, https:\/\/matkad.advent.ee\/wp-content\/uploads\/2011\/10\/2.5.jpg 720w\" sizes=\"auto, (max-width: 300px) 100vw, 300px\" \/><\/a><\/p>\n<p>\u00d5htul laulsime veel, ja Aldar t\u00f5i m\u00f5nele ka shokolaadi ja k\u00fcpsist, kes ei suutnud ilma magusata edasi elada. Aga oli tore \u00f5htu, ja v\u00e4ga ilus p\u00e4ikseloojang samuti.<\/p>\n<p><strong>Kolmandal p\u00e4eval<\/strong> k\u00fclastasime palju huvitavaid kohti, sealhulgas Piusa koopaid, Obinitsa setotaru, Ilumetsa meteoriidikraatrit, Rebasm\u00e4e allikat jne. Alustasime Ilumetsa meteoriidikraatrist. J\u00e4rgmisena v\u00f5tsime sihtm\u00e4rgiks Rebasm\u00e4e allika, kust lootsime saada puhast vett. Vesi oligi peaagu puhas, kuid liiga palju rauda sisaldas see. Sealt s\u00f5itsime edasi Piusa liivakoobasteni. Selleks hetkeks olid koopad kinni pandud, ja n\u00e4gi neid ainult terassi pealt. Kuid saladuskatte all v\u00f5ib \u00f6elda, et v\u00e4ikestesse sai ikka sisse piilutud. Veidi puhatud seal, s\u00f5itsime edasi Obinitsa, kus oli meil kokku lepitud l\u00f5una Obinitsa setotarus, kus tutvustati ka seto rahvakultuuri. Sealt polnud edasi enam palju ka Piusa Veere taluni. Peab \u00fctlema, et viimane l\u00f5ik ratastel oli k\u00f5ige huvitavam, sest maastik oli kurviline ja lausa m\u00e4gine, ning m\u00f5neks hetkeks sai p\u00e4ris \u00e4geda adrenaliinilaksu k\u00e4tte. Kolmanda p\u00e4eva \u00f5htul tegime muidugi sauna, kuidas siis saab Piusal k\u00e4ia, ilma, et teeks suitsusauna. T\u00fcdrukud tegid poistele pannkooke. Piusal ootas meid peale Aldari veel Ivo K\u00e4sk oma perega.<\/p>\n<p>\u00d5htul laulsime ja tegime muid trikke, ja varsti olime taas iga\u00fcks oma magamiskotis, sest p\u00e4ev oli olnud v\u00e4sitav ja pikk. Magasime Piusa majas teisel korrusel, kus oli p\u00e4ris naljakas, sest v\u00e4simus tegi oma t\u00f6\u00f6, ja nii m\u00f5nedki (enamus) olid liiga v\u00e4sinud, et oma naeruturtsatusi tagasi hoida, et teised saaksid magada.<\/p>\n<p><iframe loading=\"lazy\" width=\"1080\" height=\"810\" src=\"https:\/\/www.youtube.com\/embed\/M5VS671VzPI?feature=oembed\" frameborder=\"0\" allowfullscreen><\/iframe><\/p>\n<p><strong>Neljas p\u00e4ev<\/strong>, hingamisp\u00e4ev, oli rahup\u00e4ev, nii nagu see on etten\u00e4htud. Kui \u00f5igesti m\u00e4letan, oli sel p\u00e4eval jutlustajaks Ivo K\u00e4sk. Peale hommikust teenistust l\u00e4ksime jalutama, sest ilm oli ju ilus. Vaatasime l\u00e4hemalt H\u00e4rma m\u00fc\u00fcre, ja m\u00f5ned tegid seal ka fotosessioone. Piusa lliivakarj\u00e4\u00e4ris tehti ka neid ;). \u00d5htul laulsime veel, ja hakkasimegi oma kodinaid kokku pakkima ja \u00fckshaaval hakati \u00fcksteisega h\u00fcvasti j\u00e4tma.<\/p>\n<p>Tegelikult ma ei m\u00e4letagi, kes millal koju l\u00e4ks. Aga \u00f6eldakse, et oluline pole siht, vaid oluline on tee. Minul on meeles teekond, ja see ongi oluline. Ja olulised on loodud tutvused ja Jumal, kes hoidis meid sellel matkal k\u00f5ige\u00a0 kurja eest.<\/p>\n<p><a href=\"http:\/\/matkad.advent.ee\/wp-content\/uploads\/2011\/10\/2.6.jpg\"><img loading=\"lazy\" decoding=\"async\" class=\"aligncenter size-full wp-image-277\" title=\"OLYMPUS DIGITAL CAMERA\" src=\"http:\/\/matkad.advent.ee\/wp-content\/uploads\/2011\/10\/2.6.jpg\" alt=\"\" width=\"720\" height=\"540\" srcset=\"https:\/\/matkad.advent.ee\/wp-content\/uploads\/2011\/10\/2.6.jpg 720w, https:\/\/matkad.advent.ee\/wp-content\/uploads\/2011\/10\/2.6-300x225.jpg 300w\" sizes=\"auto, (max-width: 720px) 100vw, 720px\" \/><\/a><\/p>\n","protected":false},"excerpt":{"rendered":"<p>AEG: 9.-13.juuli, 2008 LIIK:\u00a0jalgsi, kanuu ja ratas MARSRUUT: Vana-Koiola \u2013 V\u00f5handu \u2013 Meenikunno \u2013 Piusa koopad \u2013 Piusa Veere talu OSALEJAD(20): Mairo Tutk, Tanis Kulp, Helin Kivit, Toomas Lukk, Evelin N\u00f5mmik, Kalle Daniel, Maike Naumann, K\u00e4rt Vahtram\u00e4e, Laurynas Lukosius, Jetro Perho, Laura Kangur, Merilin N\u00f5mmik, Mariliis Voitk, Gert Miltop, Krista Makkonen, Eda Toomsoo, Jurate Jurginyte, [&hellip;]<\/p>\n","protected":false},"author":1,"featured_media":277,"comment_status":"open","ping_status":"open","sticky":false,"template":"","format":"standard","meta":{"footnotes":"","_links_to":"","_links_to_target":""},"categories":[1],"tags":[19,20,13,11],"class_list":["post-266","post","type-post","status-publish","format-standard","has-post-thumbnail","hentry","category-history","tag-19","tag-hubriidmatk","tag-louna-eesti","tag-pikem","et-has-post-format-content","et_post_format-et-post-format-standard"],"_links":{"self":[{"href":"https:\/\/matkad.advent.ee\/index.php?rest_route=\/wp\/v2\/posts\/266","targetHints":{"allow":["GET"]}}],"collection":[{"href":"https:\/\/matkad.advent.ee\/index.php?rest_route=\/wp\/v2\/posts"}],"about":[{"href":"https:\/\/matkad.advent.ee\/index.php?rest_route=\/wp\/v2\/types\/post"}],"author":[{"embeddable":true,"href":"https:\/\/matkad.advent.ee\/index.php?rest_route=\/wp\/v2\/users\/1"}],"replies":[{"embeddable":true,"href":"https:\/\/matkad.advent.ee\/index.php?rest_route=%2Fwp%2Fv2%2Fcomments&post=266"}],"version-history":[{"count":14,"href":"https:\/\/matkad.advent.ee\/index.php?rest_route=\/wp\/v2\/posts\/266\/revisions"}],"predecessor-version":[{"id":1301,"href":"https:\/\/matkad.advent.ee\/index.php?rest_route=\/wp\/v2\/posts\/266\/revisions\/1301"}],"wp:featuredmedia":[{"embeddable":true,"href":"https:\/\/matkad.advent.ee\/index.php?rest_route=\/wp\/v2\/media\/277"}],"wp:attachment":[{"href":"https:\/\/matkad.advent.ee\/index.php?rest_route=%2Fwp%2Fv2%2Fmedia&parent=266"}],"wp:term":[{"taxonomy":"category","embeddable":true,"href":"https:\/\/matkad.advent.ee\/index.php?rest_route=%2Fwp%2Fv2%2Fcategories&post=266"},{"taxonomy":"post_tag","embeddable":true,"href":"https:\/\/matkad.advent.ee\/index.php?rest_route=%2Fwp%2Fv2%2Ftags&post=266"}],"curies":[{"name":"wp","href":"https:\/\/api.w.org\/{rel}","templated":true}]}}