{"id":628,"date":"2011-12-07T23:21:31","date_gmt":"2011-12-07T20:21:31","guid":{"rendered":"http:\/\/matkad.advent.ee\/?p=628"},"modified":"2016-03-30T12:06:13","modified_gmt":"2016-03-30T09:06:13","slug":"piusa-kanuupaadimatk","status":"publish","type":"post","link":"https:\/\/matkad.advent.ee\/?p=628","title":{"rendered":"10. Piusa kanuu\/paadimatk"},"content":{"rendered":"<ul>\n<li><strong><span style=\"color: #800000;\">AEG<\/span><\/strong>: 2.aprill, 2010<\/li>\n<li><strong><span style=\"color: #800000;\">MARSRUUT<\/span><\/strong>: Piusa j\u00f5el<\/li>\n<li><strong><span style=\"color: #800000;\">LIIK<\/span><\/strong>: kanuu ja raftinguparv<\/li>\n<li><strong><span style=\"color: #800000;\">OSALEJAD(7)<\/span><\/strong>: Priit Keel, K\u00fclli Keel, Tiit Kaeeli, Marilyn Uleksin, Kalvi Sommer, Siiri Lobjakas, Mairo Tutk<\/li>\n<li><strong><span style=\"color: #800000;\">K\u00dcLALISED(4)<\/span><\/strong>: Tiina P\u00e4rnpuu, Annegrete Benno, Kalle Pungas, Margus Trumsi<\/li>\n<\/ul>\n<p>&nbsp;<\/p>\n<p>Juba eelmine aasta oli v\u00e4ga veerohke kevad, kuid see aasta oli vetevood Piusa j\u00f5el veel v\u00f5imsamad. J\u00e4lgisin enne matka emhi.ee andmete j\u00e4rgi, kui k\u00f5rge vesi oli aastal 2009, siis n\u00e4itas maksimum veetaset Korela m\u00f5\u00f5tejaamas 276 cm \u00fcle nulli, see on kuskil 2 meetrit k\u00f5rgem, kui suvel see j\u00f5gi on. See oli viimaste k\u00fcmnete aastate k\u00f5rgeim veetase Piusa j\u00f5es. Ning see aasta oli maha sadanud sama palju lund, ning soojaks oli ka j\u00e4rsku l\u00e4inud, mis l\u00f5i eeldused, et sama olukord kordub. Kuna Piusa j\u00f5es on maksimumvesi \u00fcleval ainult loetud tunnid, siis on suur joppamine, kui saame \u00f5ige p\u00e4eva peale matka s\u00e4ttida. Kuid seekord l\u00e4ks v\u00e4ga h\u00e4sti, vesi oli t\u00f5usnud veel k\u00f5rgemale, ligi 40 cm rohkem kui eelmine aasta. Ja 2.aprill oli see ilus p\u00e4ev, kui see t\u00f5usis maksimumini, ja hakkas ka langema.<\/p>\n<p>Alguses kanuudega j\u00f5ele ronides ei tekkinud kartust j\u00f5e ees, sest eelmine aasta oli hakkama saadud, ja mis ikka juhtuda saab. Kuid ei arvestanud teiste v\u00f5imetega. Juba esimese kilomeetri juures kummutati \u00fcks kanuu p\u00f5hi taeva poole. Selles kanuus olid end seni mugavalt tundnud Mariyn ja Kalvi. Marpsi ehmatas see \u00fcsna \u00e4ra, ja kui kanuu ja muu kola oli k\u00e4tte saadud, otsustas ta autos viibida matka l\u00f5puni (kuid matkal oli veel \u00fcllatusi). Julgemad ja kuivemad s\u00f5itsid edasi, kohates ka teisi kanuulisi ja s\u00fcstalisi, kelledest ka m\u00f5ned olid kuivemaid riideid selga t\u00f5mbamas. J\u00f5udsime Vana-Vastselinna varemete juurde, kus oli \u00fcks \u00fcsna tricki koht kanuu jaoks, ja mitte ainult kanuu jaoks. Meie Siiriga ei julgenud sealt kohe minna, ja otsustasimegi, et sealt lohistame kanuu m\u00f6\u00f6da maad j\u00e4rgmise kohani, kuid just enne selle liigutuse elluviimist j\u00f5udsid kohale K\u00fclli ja Priit, kes vahustes vetevoogudes ei suutnud piisavalt kanuud valitseda, ja s\u00f5itsid kaldal asuva kahe puu vahele kinni, mis oli kanuu jaoks saatuslik\u2026.paar liigutust nad \u00fcritasid veel teha, kui aga vee j\u00f5ud sai kanuust v\u00f5imu, ja kanuu tegi paar kaeblikku praksatust, ja meie silme all paindus see 45 kraadi. Oleks rohkemgi paindunud, kuid siis andis kanuu kuskilt j\u00e4rele, ja vee j\u00f5ud t\u00f5mbas kanuu otsapidi p\u00f5hja. N\u00fc\u00fcd hoidis kanuud kinni p\u00e4ris mitu tonni vett, ning edasine missioon oli kanuu k\u00e4tte saada. Aaa, vahepeal, enne kui kanuu veega t\u00e4itus, j\u00f5udsid K\u00fclli ja Priit kaldale h\u00fcpata \u00fcsna viimasel sekundil.<\/p>\n<p>Kuid l\u00f5puks saime siiski kanuu k\u00e4tte, \u00fcle lugedes, mitmest kohast kanuu oli purunenud, otsustasime, et kanuudega seda j\u00f5ge enam ei \u00fcrita l\u00e4bida. Isegi, kui m\u00f5ni kanuu oleks terveks j\u00e4\u00e4nud, luges ka sellekskuluv aeg midagi. Saime korraldajatega jutu peale, ja kauplesime v\u00e4lja, et j\u00e4tkame seda matka raftinguparvega. Laadisime kanuud, tervemad, kuivemad ja ka katkisemad auto k\u00e4ru peale, ja j\u00e4ime ootama parve. Senikaua s\u00f6ime, ja lustisime niisama, ja \u00fcritasime endale sooja teha.<\/p>\n<p>L\u00f5puks j\u00f5udis ka parv kohale. Sikutasime selle alla j\u00f5e \u00e4\u00e4rde, ja uus katse v\u00f5is alata. Seekord tulid k\u00f5ik kaasa, ka need, kes kanuudega ei julgenud s\u00f5ita. Kui v\u00f5rrelda kanuud ja raftinguparve sellise j\u00f5e peal nagu see Piusa j\u00f5gi sel hetkel oli, oli parv parim valik seltskonna jaoks. Edasi v\u00f5is t\u00f5eline nauding alata. Kui kanuus olles olid n\u00e4od hirmul ja t\u00e4is paanikat, siis n\u00fc\u00fcd peegeldus matkaliste n\u00e4gudest vaid r\u00f5\u00f5mu ja adrenaliini. Iga suurem k\u00e4restikukene v\u00f5eti suure r\u00f5\u00f5mukisa ja h\u00f5isetega vastu.<\/p>\n<p>Parvel s\u00f5ites l\u00e4ksid kilomeetrid v\u00e4ga kiiresti, ja 3 tunniga olimegi Piusa Veere talu juures. Kuid \u00fckski veematk ei saa l\u00f5ppeda ilma, et keegi vette ei kukuks. Kuigi kanuuga olid vette kukkunud juba Kalvi ja Marilyn, siis n\u00fc\u00fcd \u00f5nnestus see loetud sajad meetrid matkaparve laenutajal Margusel ja Priidul. Nimelt nad istusid parve tagumise otsa peal, ning lootes enda tugevuse peale, ja ennast mitte parve p\u00f5hja lastes, tegid nad l\u00e4hemat tutvust \u00fcsna tugevate okstega puu\/p\u00f5\u00f5saga, kes otsustas, et tema on ikkagi tugevam, ja sel hetkel n\u00e4gime, kuidas Margus ja Priit graatsiliselt sukeldujate kombel vette kadusid. Veest v\u00e4lja saades ruttasid nad jooksujalu Piusa Veere suitsusauna poole, kus nad said suurema k\u00fclma kehast v\u00e4lja soojendada.<\/p>\n<p>Kui l\u00f5bus reis j\u00f5el tehtud, istusime korraks Piusal maha, v\u00f5tsime m\u00f5nusat kuuma Piusa suitsusauna, et viimanegi k\u00fclmav\u00e4rin seest v\u00e4lja ajada ja siis juba s\u00f5itsime iga\u00fcks oma kodu poole. Rohkem emotsioone videodest ja piltidest.<\/p>\n","protected":false},"excerpt":{"rendered":"<p>AEG: 2.aprill, 2010 MARSRUUT: Piusa j\u00f5el LIIK: kanuu ja raftinguparv OSALEJAD(7): Priit Keel, K\u00fclli Keel, Tiit Kaeeli, Marilyn Uleksin, Kalvi Sommer, Siiri Lobjakas, Mairo Tutk K\u00dcLALISED(4): Tiina P\u00e4rnpuu, Annegrete Benno, Kalle Pungas, Margus Trumsi &nbsp; Juba eelmine aasta oli v\u00e4ga veerohke kevad, kuid see aasta oli vetevood Piusa j\u00f5el veel v\u00f5imsamad. J\u00e4lgisin enne matka emhi.ee [&hellip;]<\/p>\n","protected":false},"author":2,"featured_media":0,"comment_status":"open","ping_status":"open","sticky":false,"template":"","format":"standard","meta":{"footnotes":"","_links_to":"","_links_to_target":""},"categories":[1],"tags":[9,43,44,30,53,54,40,51],"class_list":["post-628","post","type-post","status-publish","format-standard","hentry","category-history","tag-9","tag-aprill","tag-jogi","tag-kanuu","tag-piusa","tag-piusa-jogi","tag-rafting","tag-suurvesi","et-doesnt-have-format-content","et_post_format-et-post-format-standard"],"_links":{"self":[{"href":"https:\/\/matkad.advent.ee\/index.php?rest_route=\/wp\/v2\/posts\/628","targetHints":{"allow":["GET"]}}],"collection":[{"href":"https:\/\/matkad.advent.ee\/index.php?rest_route=\/wp\/v2\/posts"}],"about":[{"href":"https:\/\/matkad.advent.ee\/index.php?rest_route=\/wp\/v2\/types\/post"}],"author":[{"embeddable":true,"href":"https:\/\/matkad.advent.ee\/index.php?rest_route=\/wp\/v2\/users\/2"}],"replies":[{"embeddable":true,"href":"https:\/\/matkad.advent.ee\/index.php?rest_route=%2Fwp%2Fv2%2Fcomments&post=628"}],"version-history":[{"count":3,"href":"https:\/\/matkad.advent.ee\/index.php?rest_route=\/wp\/v2\/posts\/628\/revisions"}],"predecessor-version":[{"id":1287,"href":"https:\/\/matkad.advent.ee\/index.php?rest_route=\/wp\/v2\/posts\/628\/revisions\/1287"}],"wp:attachment":[{"href":"https:\/\/matkad.advent.ee\/index.php?rest_route=%2Fwp%2Fv2%2Fmedia&parent=628"}],"wp:term":[{"taxonomy":"category","embeddable":true,"href":"https:\/\/matkad.advent.ee\/index.php?rest_route=%2Fwp%2Fv2%2Fcategories&post=628"},{"taxonomy":"post_tag","embeddable":true,"href":"https:\/\/matkad.advent.ee\/index.php?rest_route=%2Fwp%2Fv2%2Ftags&post=628"}],"curies":[{"name":"wp","href":"https:\/\/api.w.org\/{rel}","templated":true}]}}